{"id":3331,"count":6,"description":"","link":"https:\/\/zonaroja.com.mx\/?tag=red-estatal-de-victimas-tomas-martinez","name":"Red Estatal de V\u00edctimas &quot;Tom\u00e1s Mart\u00ednez&quot;","slug":"red-estatal-de-victimas-tomas-martinez","taxonomy":"post_tag","meta":[],"_links":{"self":[{"href":"https:\/\/zonaroja.com.mx\/index.php?rest_route=\/wp\/v2\/tags\/3331","targetHints":{"allow":["GET"]}}],"collection":[{"href":"https:\/\/zonaroja.com.mx\/index.php?rest_route=\/wp\/v2\/tags"}],"about":[{"href":"https:\/\/zonaroja.com.mx\/index.php?rest_route=\/wp\/v2\/taxonomies\/post_tag"}],"wp:post_type":[{"href":"https:\/\/zonaroja.com.mx\/index.php?rest_route=%2Fwp%2Fv2%2Fposts&tags=3331"}],"curies":[{"name":"wp","href":"https:\/\/api.w.org\/{rel}","templated":true}]}}