{"id":4176,"count":1,"description":"","link":"https:\/\/zonaroja.com.mx\/?tag=zimatlan-de-lazaro-cardenas","name":"Zimatl\u00e1n de L\u00e1zaro C\u00e1rdenas","slug":"zimatlan-de-lazaro-cardenas","taxonomy":"post_tag","meta":[],"_links":{"self":[{"href":"https:\/\/zonaroja.com.mx\/index.php?rest_route=\/wp\/v2\/tags\/4176","targetHints":{"allow":["GET"]}}],"collection":[{"href":"https:\/\/zonaroja.com.mx\/index.php?rest_route=\/wp\/v2\/tags"}],"about":[{"href":"https:\/\/zonaroja.com.mx\/index.php?rest_route=\/wp\/v2\/taxonomies\/post_tag"}],"wp:post_type":[{"href":"https:\/\/zonaroja.com.mx\/index.php?rest_route=%2Fwp%2Fv2%2Fposts&tags=4176"}],"curies":[{"name":"wp","href":"https:\/\/api.w.org\/{rel}","templated":true}]}}